{"id":830,"date":"2026-01-19T11:33:21","date_gmt":"2026-01-19T10:33:21","guid":{"rendered":"https:\/\/consigneetmoi.fr\/consigz123\/?p=830"},"modified":"2026-01-28T15:55:58","modified_gmt":"2026-01-28T14:55:58","slug":"cloture-rvr-rcvl","status":"publish","type":"post","link":"https:\/\/consigneetmoi.fr\/consigz123\/cloture-rvr-rcvl\/","title":{"rendered":"Cl\u00f4ture de la convention RVR \u00d7 R\u00e9gion Centre-Val de Loire"},"content":{"rendered":"\n<p>Le jeudi 15 janvier, nous avons eu le plaisir de participer \u00e0 la cl\u00f4ture de la convention de partenariat entre <a href=\"https:\/\/www.linkedin.com\/company\/reseau-vrac-reemploi\/\">R\u00e9seau Vrac et R\u00e9emploi<\/a> et la <a href=\"https:\/\/www.linkedin.com\/company\/region-centrevaldeloire-officiel\/\">R\u00e9gion Centre-Val de Loire<\/a>.<br><br>Trois ann\u00e9es de collaboration qui ont permis de faire avancer concr\u00e8tement le vrac et le r\u00e9emploi des emballages sur le territoire.<br><br>Aux c\u00f4t\u00e9s de <a href=\"https:\/\/www.linkedin.com\/company\/synd-mixte-touraine-propre\/\">Touraine Propre<\/a>, <a href=\"https:\/\/www.linkedin.com\/company\/le-mouvement-associatif-centre\/\">Le Mouvement associatif Centre-Val de Loire<\/a> et de la <a href=\"https:\/\/www.linkedin.com\/company\/ville-de-tours\/\">Ville de Tours<\/a>, nous avons partag\u00e9 notre retour d\u2019exp\u00e9rience collectif et mesur\u00e9 \u00e0 quel point ce partenariat a \u00e9t\u00e9 structurant et acc\u00e9l\u00e9rateur pour les dynamiques locales.<br><br>Si cette convention arrive \u00e0 son terme, l\u2019\u00e9lan collectif, lui, continue, port\u00e9 par les acteurs du territoire et les bases solides construites au fil de ces trois ann\u00e9es.<br><br>Merci \u00e0 la R\u00e9gion Centre-Val de Loire et \u00e0 R\u00e9seau Vrac et R\u00e9emploi pour leur confiance, et \u00e0 l\u2019ensemble des partenaires pour leur engagement.<br><br>Consigne &amp; Moi reste pleinement engag\u00e9 dans le d\u00e9veloppement de la fili\u00e8re du r\u00e9emploi, aux c\u00f4t\u00e9s des acteurs du territoire, pour faire \u00e9merger des solutions concr\u00e8tes et adapt\u00e9es aux r\u00e9alit\u00e9s locales.<\/p>\n","protected":false},"excerpt":{"rendered":"<p>Le jeudi 15 janvier, nous avons eu le plaisir de participer \u00e0 la cl\u00f4ture de la convention de partenariat entre R\u00e9seau Vrac et R\u00e9emploi et la R\u00e9gion Centre-Val de Loire. Trois ann\u00e9es de collaboration qui ont permis de faire avancer concr\u00e8tement le vrac et le r\u00e9emploi des emballages sur le territoire. Aux c\u00f4t\u00e9s de Touraine [&hellip;]<\/p>\n","protected":false},"author":1,"featured_media":889,"comment_status":"closed","ping_status":"closed","sticky":false,"template":"","format":"standard","meta":{"_acf_changed":false,"saved_in_kubio":false,"footnotes":""},"categories":[1],"tags":[],"class_list":["post-830","post","type-post","status-publish","format-standard","has-post-thumbnail","hentry","category-non-classe"],"acf":[],"_links":{"self":[{"href":"https:\/\/consigneetmoi.fr\/consigz123\/wp-json\/wp\/v2\/posts\/830","targetHints":{"allow":["GET"]}}],"collection":[{"href":"https:\/\/consigneetmoi.fr\/consigz123\/wp-json\/wp\/v2\/posts"}],"about":[{"href":"https:\/\/consigneetmoi.fr\/consigz123\/wp-json\/wp\/v2\/types\/post"}],"author":[{"embeddable":true,"href":"https:\/\/consigneetmoi.fr\/consigz123\/wp-json\/wp\/v2\/users\/1"}],"replies":[{"embeddable":true,"href":"https:\/\/consigneetmoi.fr\/consigz123\/wp-json\/wp\/v2\/comments?post=830"}],"version-history":[{"count":3,"href":"https:\/\/consigneetmoi.fr\/consigz123\/wp-json\/wp\/v2\/posts\/830\/revisions"}],"predecessor-version":[{"id":1302,"href":"https:\/\/consigneetmoi.fr\/consigz123\/wp-json\/wp\/v2\/posts\/830\/revisions\/1302"}],"wp:featuredmedia":[{"embeddable":true,"href":"https:\/\/consigneetmoi.fr\/consigz123\/wp-json\/wp\/v2\/media\/889"}],"wp:attachment":[{"href":"https:\/\/consigneetmoi.fr\/consigz123\/wp-json\/wp\/v2\/media?parent=830"}],"wp:term":[{"taxonomy":"category","embeddable":true,"href":"https:\/\/consigneetmoi.fr\/consigz123\/wp-json\/wp\/v2\/categories?post=830"},{"taxonomy":"post_tag","embeddable":true,"href":"https:\/\/consigneetmoi.fr\/consigz123\/wp-json\/wp\/v2\/tags?post=830"}],"curies":[{"name":"wp","href":"https:\/\/api.w.org\/{rel}","templated":true}]}}